{"id":76,"date":"2016-07-14T10:03:00","date_gmt":"2016-07-14T03:03:00","guid":{"rendered":"http:\/\/credius.ro\/blog\/?p=76"},"modified":"2021-07-09T13:51:08","modified_gmt":"2021-07-09T06:51:08","slug":"credius-rezerva-ta-de-bani-pentru-zile-negre","status":"publish","type":"post","link":"https:\/\/credius.ro\/blog\/credius-rezerva-ta-de-bani-pentru-zile-negre\/","title":{"rendered":"Credius, rezerva ta de bani pentru zile negre"},"content":{"rendered":"<p style=\"text-align: justify;\"><span style=\"color: #000000;\">Fiecare dintre noi ar trebui s\u0103 fie con\u0219tient c\u0103, dup\u0103 cum am mai spus, se va confrunta, la un moment dat, cu o <a href=\"https:\/\/credius.ro\/blog\/problemele-urgente-nu-se-discuta-se-rezolva\/\" target=\"_blank\"><strong>urgen\u021b\u0103<\/strong> <\/a>care \u00eei va amenin\u021ba stabilitatea financiar\u0103. To\u021bi am trecut sau vom trece prin asta. \u0218i, dac\u0103 nu avem un plan de rezerv\u0103, ne putem trezi pe marginea pr\u0103pastiei, cu teama c\u0103 orice pas ne poate arunca \u00een mijlocul abisului.<\/span><\/p>\n<h2 style=\"text-align: justify;\"><span style=\"color: #000000;\"><strong>Solu\u021bia ideal\u0103 pentru urgen\u021be financiare<\/strong><\/span><\/h2>\n<p style=\"text-align: justify;\"><span style=\"color: #000000;\">Ca s\u0103 nu ne ia iarna prin surprindere, a\u0219a cum se \u00eent\u00e2mpl\u0103 la case mai mari, un astfel de moment ar trebui s\u0103 nu ne prind\u0103 nepreg\u0103ti\u021bi. Iar un fond de rezerv\u0103 este solu\u021bia ideal\u0103 pentru urgen\u021ba financiar\u0103 cu care, la un moment dat, ne vom confrunta. Un fond de urgen\u021b\u0103 este crucial, pentru c\u0103 \u00ee\u021bi asigur\u0103 lini\u0219tea de care ai nevoie \u00een momentul respectiv.<\/span><\/p>\n<p style=\"text-align: justify;\"><span style=\"color: #000000;\">Un astfel de plan de rezerv\u0103 este extrem de important, pentru c\u0103 te po\u021bi confrunta cu o situa\u021bie pe care, \u00een momentul de fa\u021b\u0103, nu o iei \u00een calcul: r\u0103m\u00e2i f\u0103r\u0103 job, ai o problem\u0103 medical\u0103 care te \u021bintuie\u0219te la pat sau \u00een spital o bun\u0103 perioad\u0103, trebuie s\u0103 \u00ee\u021bi repari ma\u0219ina sau anumite lucruri \u00een cas\u0103, pentru a nu pune \u00een pericol s\u0103n\u0103tatea ta \u0219i a celor dragi, etc.<\/span><\/p>\n<p>Avem <a href=\"https:\/\/www.credius.ro\/credite-fara-gaj\">credite fara gaj si loc de munca<\/a> pentru cei care sunt stramtorati cu banii si doresc sa isi acopere golul financiar momentan.<\/p>\n<h2 style=\"text-align: justify;\"><span style=\"color: #000000;\"><strong>Fond de urgen\u021b\u0103 personalizat<\/strong><\/span><\/h2>\n<p style=\"text-align: justify;\"><span style=\"color: #000000;\">C\u00e2t de consistent ar trebui s\u0103 fie acest fond de urgen\u021b\u0103? Depinde de la caz, la caz. Primul pas pe care trebuie s\u0103 \u00eel faci este s\u0103 estimezi, c\u00e2t mai aproape de realitate, cheltuielile lunare, cele pe care e\u0219ti obligat s\u0103 le achi\u021bi. Acestea pot varia \u00een func\u021bie de anotimp, a\u0219a c\u0103 estimarea ta ar trebui s\u0103 vizeze o medie lunar\u0103, pentru c\u0103 nimeni nu poate anticipa dac\u0103 vei avea probleme cu banii vara sau iarna.<\/span><\/p>\n<p style=\"text-align: justify;\"><span style=\"color: #000000;\">Odat\u0103 f\u0103cut acest calcul, \u00ee\u021bi va fi mai u\u0219or s\u0103 stabile\u0219ti de c\u00e2\u021bi bani ai nevoie, \u00een caz de urgen\u021b\u0103. Ca regul\u0103 universal valabil\u0103, fondul de urgen\u021b\u0103 ar trebui s\u0103 acopere \u00eentre 3 \u0219i 12 luni de cheltuieli, \u00een func\u021bie de mai mul\u021bi factori: dac\u0103 locuie\u0219ti singur, dac\u0103 ai o familie cu unul sau mai mul\u021bi copii, dac\u0103 e\u0219ti singurul salariat din familie, dac\u0103 ai un loc de munc\u0103 stabil, etc.<\/span><\/p>\n<h2 style=\"text-align: justify;\"><span style=\"color: #000000;\"><strong><a href=\"https:\/\/www.credius.ro\/\" target=\"_blank\"><span style=\"text-decoration: underline;\">Credit f\u0103r\u0103 buletin<\/span><\/a> \u0219i f\u0103r\u0103 dureri de cap<\/strong><\/span><\/h2>\n<p style=\"text-align: justify;\"><span style=\"color: #000000;\">Din p\u0103cate, nu mul\u021bi sunt cei care \u00ee\u0219i permit s\u0103 pun\u0103 deoparte, \u00een fiecare lun\u0103, c\u00e2\u021biva b\u0103nu\u021bi pe care s\u0103 se bazeze \u00een caz de urgen\u021b\u0103. \u0218i poate tu te reg\u0103se\u0219ti printre ei. Din fericire pentru tine, te po\u021bi baza pe Credius. F\u0103-\u021bi un calcul, dup\u0103 exemplul de mai sus, \u0219i, apoi, vino la Credius. \u00cen mai pu\u021bin de 60 de minute, po\u021bi ob\u021bine, f\u0103r\u0103 dureri de cap, banii care pot rezolva orice urgen\u021b\u0103 de natur\u0103 financiar\u0103.<\/span><\/p>\n<p style=\"text-align: justify;\"><span style=\"color: #000000;\">La orice or\u0103 din zi sau noapte, po\u021bi beneficia, cu <a href=\"https:\/\/www.credius.ro\/credite-pentru-bunuri\" target=\"_blank\"><strong>documente minime<\/strong><\/a>, de un credit de p\u00e2n\u0103 la 15.000 de lei, bani pe care s\u0103-i pui \u00eentr-un fond de urgen\u021b\u0103 care s\u0103 te scape de griji. Ai rate fixe, costuri mici \u0219i transparente, o perioad\u0103 de finan\u021bare de p\u00e2n\u0103 la cinci ani \u0219i un <a href=\"https:\/\/www.credius.ro\/pachetul-anticredit\" target=\"_blank\"><strong>pachet ANTICREDIT<\/strong><\/a> care s\u0103 te r\u0103spl\u0103teasc\u0103 dac\u0103 vrei s\u0103 rambursezi anticipat finan\u021barea ob\u021binut\u0103.<\/span><\/p>\n<p style=\"text-align: justify;\"><span style=\"color: #000000;\">Credius te ajut\u0103 s\u0103 \u00eent\u00e2mpini lini\u0219tit ziua de m\u00e2ine.<\/span><\/p>\n","protected":false},"excerpt":{"rendered":"<p>Fiecare dintre noi ar trebui s\u0103 fie con\u0219tient c\u0103, dup\u0103 cum am mai spus, se va confrunta, la un moment dat, cu o urgen\u021b\u0103 care \u00eei va amenin\u021ba stabilitatea financiar\u0103. To\u021bi am trecut sau vom trece prin asta. \u0218i, dac\u0103 nu avem un plan de rezerv\u0103, ne putem trezi pe marginea pr\u0103pastiei, cu teama c\u0103&#8230; <\/p>\n<div class=\"link-more\"><a href=\"https:\/\/credius.ro\/blog\/credius-rezerva-ta-de-bani-pentru-zile-negre\/\">Citeste<\/a><\/div>\n","protected":false},"author":1,"featured_media":77,"comment_status":"closed","ping_status":"closed","sticky":false,"template":"","format":"standard","meta":[],"categories":[189],"tags":[],"_links":{"self":[{"href":"https:\/\/credius.ro\/blog\/wp-json\/wp\/v2\/posts\/76"}],"collection":[{"href":"https:\/\/credius.ro\/blog\/wp-json\/wp\/v2\/posts"}],"about":[{"href":"https:\/\/credius.ro\/blog\/wp-json\/wp\/v2\/types\/post"}],"author":[{"embeddable":true,"href":"https:\/\/credius.ro\/blog\/wp-json\/wp\/v2\/users\/1"}],"replies":[{"embeddable":true,"href":"https:\/\/credius.ro\/blog\/wp-json\/wp\/v2\/comments?post=76"}],"version-history":[{"count":5,"href":"https:\/\/credius.ro\/blog\/wp-json\/wp\/v2\/posts\/76\/revisions"}],"predecessor-version":[{"id":1961,"href":"https:\/\/credius.ro\/blog\/wp-json\/wp\/v2\/posts\/76\/revisions\/1961"}],"wp:featuredmedia":[{"embeddable":true,"href":"https:\/\/credius.ro\/blog\/wp-json\/wp\/v2\/media\/77"}],"wp:attachment":[{"href":"https:\/\/credius.ro\/blog\/wp-json\/wp\/v2\/media?parent=76"}],"wp:term":[{"taxonomy":"category","embeddable":true,"href":"https:\/\/credius.ro\/blog\/wp-json\/wp\/v2\/categories?post=76"},{"taxonomy":"post_tag","embeddable":true,"href":"https:\/\/credius.ro\/blog\/wp-json\/wp\/v2\/tags?post=76"}],"curies":[{"name":"wp","href":"https:\/\/api.w.org\/{rel}","templated":true}]}}